{"id":69,"count":4,"description":"Pour son exposition estivale, la galerie Barbier propose une r\u00e9trospective de l\u2019\u0153uvre de Philippe Druillet.\r\n\r\nLa galerie pr\u00e9sentera, sur ses deux espaces, les \u00e9tudes et croquis pr\u00e9paratoires de l\u2019artiste sur l\u2019ensemble de son \u0153uvre : de Sloane \u00e0 Vuzz, en passant par ses maquettes de jeux vid\u00e9os ou de ses sculptures. Des planches in\u00e9dites de Elric le n\u00e9cromancien et des planches iconiques de Urm le fou ainsi que la mythique couverture de M\u00e9tal Hurlant n\u00b02 de 1975 seront \u00e9galement pr\u00e9sent\u00e9es.\r\n\r\nLe vernissage aura lieu, en pr\u00e9sence de l\u2019artiste, le jeudi 27 juin 2024 de 19h \u00e0 21h.","link":"https:\/\/3r-prev.com\/gba\/exhibition\/fureur-de-traits-etudes\/","name":"Fureur de traits - \u00c9tudes","slug":"fureur-de-traits-etudes","taxonomy":"exhibition","meta":[],"acf":[],"_links":{"self":[{"href":"https:\/\/3r-prev.com\/gba\/wp-json\/wp\/v2\/exhibition\/69","targetHints":{"allow":["GET"]}}],"collection":[{"href":"https:\/\/3r-prev.com\/gba\/wp-json\/wp\/v2\/exhibition"}],"about":[{"href":"https:\/\/3r-prev.com\/gba\/wp-json\/wp\/v2\/taxonomies\/exhibition"}],"wp:post_type":[{"href":"https:\/\/3r-prev.com\/gba\/wp-json\/wp\/v2\/product?exhibition=69"}],"curies":[{"name":"wp","href":"https:\/\/api.w.org\/{rel}","templated":true}]}}