{"id":248,"count":4,"description":"\u00ab Apr\u00e8s leur victoire contre Fortuna \u00e0 la M\u00e9canique C\u00e9leste, Aster et l'\u00e9quipe de Pan fuient la cit\u00e9 et trouvent refuge dans une ancienne usine d\u00e9saffect\u00e9e. Ils y rencontrent une \u00e9trange communaut\u00e9 recluse, La Source, qui pr\u00f4ne la neutralit\u00e9 envers Fortuna et C\u00e9r\u00e8s. Mais la paix ne dure qu'un temps et les \u00e9missaires de Fortuna d\u00e9barquent dans l'usine, bien d\u00e9cid\u00e9s \u00e0 mettre la main sur les responsables d'un attentat contre leurs dispositifs technologiques qui s'y seraient r\u00e9fugi\u00e9s. S'ensuit une v\u00e9ritable course-poursuite entre faux terroristes, vrais espions et au milieu de ce bazar, Aster et son \u00e9quipe de bras cass\u00e9s !  \u00bb\r\n\r\n\r\nLa galerie Barbier a le plaisir d\u2019accueillir Merwan pour l'exposition M\u00e9canique c\u00e9leste : La source. L'exposition a lieu l\u2019occasion de la sortie attendue du deuxi\u00e8me tome de M\u00e9canique C\u00e9leste : La source qui para\u00eet aux \u00e9ditions Dargaud en octobre 2023 et pr\u00e9sentera plus de quatre-vingt planches et illustrations originales.\r\n\r\nCe nouvel opus, en reprenant une partie des caract\u00e9ristiques qui faisait la prouesse et la singularit\u00e9 du premier tome, nous plonge \u00e0 nouveau dans le monde post-apocalyptique des territoires de Pan et Fortuna, th\u00e9\u00e2tre d'affrontements acharn\u00e9s entre oppresseurs et dissidents.\r\n\r\nFid\u00e8le \u00e0 l'esprit du premier tome par son d\u00e9coupage cin\u00e9matographique parfaitement ma\u00eetris\u00e9 et la vivacit\u00e9 de l'action.  Dans cet univers o\u00f9 la douceur des couleurs contraste avec la duret\u00e9 des conditions de vie. Merwan campe une nouvelle aventure tr\u00e9pidante, centr\u00e9e autour de la poursuite acharn\u00e9e d'une disquette qui pourrait tout changer, dans des planches enti\u00e8rement r\u00e9alis\u00e9es en couleur directe \u00e0 l'aquarelle.","link":"https:\/\/3r-prev.com\/gba\/exhibition\/mecanique-celeste-la-source\/","name":"M\u00e9canique C\u00e9leste, La Source","slug":"mecanique-celeste-la-source","taxonomy":"exhibition","meta":[],"acf":[],"_links":{"self":[{"href":"https:\/\/3r-prev.com\/gba\/wp-json\/wp\/v2\/exhibition\/248","targetHints":{"allow":["GET"]}}],"collection":[{"href":"https:\/\/3r-prev.com\/gba\/wp-json\/wp\/v2\/exhibition"}],"about":[{"href":"https:\/\/3r-prev.com\/gba\/wp-json\/wp\/v2\/taxonomies\/exhibition"}],"wp:post_type":[{"href":"https:\/\/3r-prev.com\/gba\/wp-json\/wp\/v2\/product?exhibition=248"}],"curies":[{"name":"wp","href":"https:\/\/api.w.org\/{rel}","templated":true}]}}